{"id":1112,"date":"2016-12-13T00:05:33","date_gmt":"2016-12-13T05:05:33","guid":{"rendered":"http:\/\/parkinsonpost.com\/?p=1112"},"modified":"2016-12-13T00:05:33","modified_gmt":"2016-12-13T05:05:33","slug":"a-brighter-future","status":"publish","type":"post","link":"https:\/\/archiveparkinson.thedev.ca\/fr\/a-brighter-future\/","title":{"rendered":"A brighter future"},"content":{"rendered":"<div id=\"attachment_1131\" style=\"width: 264px\" class=\"wp-caption alignright\"><img aria-describedby=\"caption-attachment-1131\" loading=\"lazy\" src=\"http:\/\/parkinsonpost.com\/wp-content\/uploads\/2015_12_14_joyce_gordon.jpg\" alt=\"\" width=\"254\" height=\"400\" class=\"size-full wp-image-1131\" \/><p id=\"caption-attachment-1131\" class=\"wp-caption-text\">Joyce Gordon, CEO, Parkinson Canada<\/p><\/div>\n<p>When Parkinson\u2019s disease comes into a person\u2019s life and their home, it changes everything. We\u2019ve been changing too. The recent union of six Parkinson\u2019s organizations into one <strong>Parkinson Canada<\/strong> shows that we are taking the bold steps needed to grow our capacity to reach more people with Parkinson\u2019s, effectively and efficiently. This is more important than ever given that the number of people with Parkinson\u2019s is growing by more than 25 people each day.<\/p>\n<p>It takes a community to live well with Parkinson\u2019s, and you are an important part of the Parkinson\u2019s extensive and global community. This past September marked \u00a0the fourth World Parkinson Congress in Portland, USA, where more than 4,400 researchers, clinicians, people with Parkinson\u2019s and caregivers alike joined forces to share the latest information and advancements. We are inspired by the global Parkinson\u2019s community. Parkinson Canada is more determined than ever to support you and all of our clients to tackle the challenges you face each day.<\/p>\n<p>Parkinson Canada is <em>the<\/em> source of credible information for individuals living with Parkinson\u2019s and their families. We are committed to expanding our offerings to you, using new technologies, as well as familiar vehicles, to share information that you and your loved ones can really use \u2013 accessible when, and how, you want it.\u00a0 All of this is made possible through the ongoing generous support of valued donors.<\/p>\n<p>In the coming year, the <a href=\"http:\/\/www.parkinsonclinicalguidelines.ca\/home\"><em>Canadian Guidelines on Parkinson\u2019s<\/em><\/a> disease will be updated to address gaps in care. More health care professionals \u2013 doctors, nurses, pharmacists and various therapists \u2013 will have access to these guidelines, and additional professional education, helping to ensure that you and your loved ones receive optimal care.<\/p>\n<p>With continued donor support, we will plant more seeds for exploration and collaboration. The impact of the <a href=\"http:\/\/archiveparkinson.thedev.ca\/site\/c.kgLNIWODKpF\/b.9196527\/k.60A6\/Research__Clinical_Trials.htm\" rel=\"nofollow\">Parkinson Canada Research Program<\/a> goes beyond an investment in discovery-stage research. Canadian scientists gain access to new funding from other sources, based on proven early results from their Parkinson Canada funded projects. This leads to new treatments, greater understanding and improved quality of life. Above all, we know that for you and others, a cure can\u2019t wait.<\/p>\n<p>We\u2019ll talk with you and listen to you, and be your voice in the political arena, to make your life better. We continue to blaze the trail and join forces with others to increase our influence on policymakers and elected representatives. Parkinson Canada and our nationwide network of Ambassadors \u2013 people just like you from each province \u2013 will speak out for all Canadians living with Parkinson\u2019s.<\/p>\n<p><a href=\"http:\/\/archiveparkinson.thedev.ca\/site\/c.kgLNIWODKpF\/b.3536057\/k.2ACB\/Contact_Us.htm\" rel=\"nofollow\">Connect<\/a> with us on the telephone, in person out in the community and online. Simply put, we share a unity of purpose to expand our reach and increase our effectiveness in all that we do. That\u2019s our commitment to you.<\/p>\n","protected":false},"excerpt":{"rendered":"<p>When Parkinson\u2019s disease comes into a person\u2019s life and their home, it changes everything. We\u2019ve been changing too. The recent &#8230; <a href=\"https:\/\/archiveparkinson.thedev.ca\/fr\/a-brighter-future\/\" class=\"more-link\">En savoir plus<\/a><\/p>\n","protected":false},"author":37,"featured_media":0,"comment_status":"closed","ping_status":"closed","sticky":false,"template":"","format":"standard","meta":[],"categories":[237],"tags":[],"yoast_head":"<!-- This site is optimized with the Yoast SEO plugin v20.6 - https:\/\/yoast.com\/wordpress\/plugins\/seo\/ -->\n<title>A brighter future - Parkinson Canada<\/title>\n<meta name=\"robots\" content=\"noindex, follow, max-snippet:-1, max-image-preview:large, max-video-preview:-1\" \/>\n<meta property=\"og:locale\" content=\"fr_FR\" \/>\n<meta property=\"og:type\" content=\"article\" \/>\n<meta property=\"og:title\" content=\"A brighter future - Parkinson Canada\" \/>\n<meta property=\"og:description\" content=\"When Parkinson\u2019s disease comes into a person\u2019s life and their home, it changes everything. We\u2019ve been changing too. The recent ... En savoir plus\" \/>\n<meta property=\"og:url\" content=\"https:\/\/archiveparkinson.thedev.ca\/fr\/a-brighter-future\/\" \/>\n<meta property=\"og:site_name\" content=\"Parkinson Canada\" \/>\n<meta property=\"article:publisher\" content=\"https:\/\/www.facebook.com\/parkinsoncanada\/\" \/>\n<meta property=\"article:published_time\" content=\"2016-12-13T05:05:33+00:00\" \/>\n<meta property=\"og:image\" content=\"http:\/\/parkinsonpost.com\/wp-content\/uploads\/2015_12_14_joyce_gordon.jpg\" \/>\n<meta name=\"author\" content=\"communications@parkinson.ca\" \/>\n<meta name=\"twitter:card\" content=\"summary_large_image\" \/>\n<meta name=\"twitter:creator\" content=\"@ParkinsonCanada\" \/>\n<meta name=\"twitter:site\" content=\"@ParkinsonCanada\" \/>\n<meta name=\"twitter:label1\" content=\"\u00c9crit par\" \/>\n\t<meta name=\"twitter:data1\" content=\"communications@parkinson.ca\" \/>\n\t<meta name=\"twitter:label2\" content=\"Dur\u00e9e de lecture estim\u00e9e\" \/>\n\t<meta name=\"twitter:data2\" content=\"2 minutes\" \/>\n<script type=\"application\/ld+json\" class=\"yoast-schema-graph\">{\"@context\":\"https:\/\/schema.org\",\"@graph\":[{\"@type\":\"WebPage\",\"@id\":\"https:\/\/archiveparkinson.thedev.ca\/fr\/a-brighter-future\/\",\"url\":\"https:\/\/archiveparkinson.thedev.ca\/fr\/a-brighter-future\/\",\"name\":\"A brighter future - Parkinson Canada\",\"isPartOf\":{\"@id\":\"https:\/\/archiveparkinson.thedev.ca\/#website\"},\"datePublished\":\"2016-12-13T05:05:33+00:00\",\"dateModified\":\"2016-12-13T05:05:33+00:00\",\"author\":{\"@id\":\"https:\/\/archiveparkinson.thedev.ca\/#\/schema\/person\/03860c23b3c90c09c6aade3ba61072d9\"},\"breadcrumb\":{\"@id\":\"https:\/\/archiveparkinson.thedev.ca\/fr\/a-brighter-future\/#breadcrumb\"},\"inLanguage\":\"fr-FR\",\"potentialAction\":[{\"@type\":\"ReadAction\",\"target\":[\"https:\/\/archiveparkinson.thedev.ca\/fr\/a-brighter-future\/\"]}]},{\"@type\":\"BreadcrumbList\",\"@id\":\"https:\/\/archiveparkinson.thedev.ca\/fr\/a-brighter-future\/#breadcrumb\",\"itemListElement\":[{\"@type\":\"ListItem\",\"position\":1,\"name\":\"Home\",\"item\":\"https:\/\/archiveparkinson.thedev.ca\/fr\/\"},{\"@type\":\"ListItem\",\"position\":2,\"name\":\"A brighter future\"}]},{\"@type\":\"WebSite\",\"@id\":\"https:\/\/archiveparkinson.thedev.ca\/#website\",\"url\":\"https:\/\/archiveparkinson.thedev.ca\/\",\"name\":\"Parkinson Canada\",\"description\":\"Empowering the Parkinson&#039;s community across Canada\",\"potentialAction\":[{\"@type\":\"SearchAction\",\"target\":{\"@type\":\"EntryPoint\",\"urlTemplate\":\"https:\/\/archiveparkinson.thedev.ca\/?s={search_term_string}\"},\"query-input\":\"required name=search_term_string\"}],\"inLanguage\":\"fr-FR\"},{\"@type\":\"Person\",\"@id\":\"https:\/\/archiveparkinson.thedev.ca\/#\/schema\/person\/03860c23b3c90c09c6aade3ba61072d9\",\"name\":\"communications@parkinson.ca\",\"image\":{\"@type\":\"ImageObject\",\"inLanguage\":\"fr-FR\",\"@id\":\"https:\/\/archiveparkinson.thedev.ca\/#\/schema\/person\/image\/\",\"url\":\"https:\/\/secure.gravatar.com\/avatar\/931eabe92f8bed16e93390bff0d660ab?s=96&d=mm&r=g\",\"contentUrl\":\"https:\/\/secure.gravatar.com\/avatar\/931eabe92f8bed16e93390bff0d660ab?s=96&d=mm&r=g\",\"caption\":\"communications@parkinson.ca\"}}]}<\/script>\n<!-- \/ Yoast SEO plugin. -->","yoast_head_json":{"title":"A brighter future - Parkinson Canada","robots":{"index":"noindex","follow":"follow","max-snippet":"max-snippet:-1","max-image-preview":"max-image-preview:large","max-video-preview":"max-video-preview:-1"},"og_locale":"fr_FR","og_type":"article","og_title":"A brighter future - Parkinson Canada","og_description":"When Parkinson\u2019s disease comes into a person\u2019s life and their home, it changes everything. We\u2019ve been changing too. The recent ... En savoir plus","og_url":"https:\/\/archiveparkinson.thedev.ca\/fr\/a-brighter-future\/","og_site_name":"Parkinson Canada","article_publisher":"https:\/\/www.facebook.com\/parkinsoncanada\/","article_published_time":"2016-12-13T05:05:33+00:00","og_image":[{"url":"http:\/\/parkinsonpost.com\/wp-content\/uploads\/2015_12_14_joyce_gordon.jpg"}],"author":"communications@parkinson.ca","twitter_card":"summary_large_image","twitter_creator":"@ParkinsonCanada","twitter_site":"@ParkinsonCanada","twitter_misc":{"\u00c9crit par":"communications@parkinson.ca","Dur\u00e9e de lecture estim\u00e9e":"2 minutes"},"schema":{"@context":"https:\/\/schema.org","@graph":[{"@type":"WebPage","@id":"https:\/\/archiveparkinson.thedev.ca\/fr\/a-brighter-future\/","url":"https:\/\/archiveparkinson.thedev.ca\/fr\/a-brighter-future\/","name":"A brighter future - Parkinson Canada","isPartOf":{"@id":"https:\/\/archiveparkinson.thedev.ca\/#website"},"datePublished":"2016-12-13T05:05:33+00:00","dateModified":"2016-12-13T05:05:33+00:00","author":{"@id":"https:\/\/archiveparkinson.thedev.ca\/#\/schema\/person\/03860c23b3c90c09c6aade3ba61072d9"},"breadcrumb":{"@id":"https:\/\/archiveparkinson.thedev.ca\/fr\/a-brighter-future\/#breadcrumb"},"inLanguage":"fr-FR","potentialAction":[{"@type":"ReadAction","target":["https:\/\/archiveparkinson.thedev.ca\/fr\/a-brighter-future\/"]}]},{"@type":"BreadcrumbList","@id":"https:\/\/archiveparkinson.thedev.ca\/fr\/a-brighter-future\/#breadcrumb","itemListElement":[{"@type":"ListItem","position":1,"name":"Home","item":"https:\/\/archiveparkinson.thedev.ca\/fr\/"},{"@type":"ListItem","position":2,"name":"A brighter future"}]},{"@type":"WebSite","@id":"https:\/\/archiveparkinson.thedev.ca\/#website","url":"https:\/\/archiveparkinson.thedev.ca\/","name":"Parkinson Canada","description":"Empowering the Parkinson&#039;s community across Canada","potentialAction":[{"@type":"SearchAction","target":{"@type":"EntryPoint","urlTemplate":"https:\/\/archiveparkinson.thedev.ca\/?s={search_term_string}"},"query-input":"required name=search_term_string"}],"inLanguage":"fr-FR"},{"@type":"Person","@id":"https:\/\/archiveparkinson.thedev.ca\/#\/schema\/person\/03860c23b3c90c09c6aade3ba61072d9","name":"communications@parkinson.ca","image":{"@type":"ImageObject","inLanguage":"fr-FR","@id":"https:\/\/archiveparkinson.thedev.ca\/#\/schema\/person\/image\/","url":"https:\/\/secure.gravatar.com\/avatar\/931eabe92f8bed16e93390bff0d660ab?s=96&d=mm&r=g","contentUrl":"https:\/\/secure.gravatar.com\/avatar\/931eabe92f8bed16e93390bff0d660ab?s=96&d=mm&r=g","caption":"communications@parkinson.ca"}}]}},"_links":{"self":[{"href":"https:\/\/archiveparkinson.thedev.ca\/fr\/wp-json\/wp\/v2\/posts\/1112"}],"collection":[{"href":"https:\/\/archiveparkinson.thedev.ca\/fr\/wp-json\/wp\/v2\/posts"}],"about":[{"href":"https:\/\/archiveparkinson.thedev.ca\/fr\/wp-json\/wp\/v2\/types\/post"}],"author":[{"embeddable":true,"href":"https:\/\/archiveparkinson.thedev.ca\/fr\/wp-json\/wp\/v2\/users\/37"}],"replies":[{"embeddable":true,"href":"https:\/\/archiveparkinson.thedev.ca\/fr\/wp-json\/wp\/v2\/comments?post=1112"}],"version-history":[{"count":0,"href":"https:\/\/archiveparkinson.thedev.ca\/fr\/wp-json\/wp\/v2\/posts\/1112\/revisions"}],"wp:attachment":[{"href":"https:\/\/archiveparkinson.thedev.ca\/fr\/wp-json\/wp\/v2\/media?parent=1112"}],"wp:term":[{"taxonomy":"category","embeddable":true,"href":"https:\/\/archiveparkinson.thedev.ca\/fr\/wp-json\/wp\/v2\/categories?post=1112"},{"taxonomy":"post_tag","embeddable":true,"href":"https:\/\/archiveparkinson.thedev.ca\/fr\/wp-json\/wp\/v2\/tags?post=1112"}],"curies":[{"name":"wp","href":"https:\/\/api.w.org\/{rel}","templated":true}]}}