{"id":1214,"date":"2017-04-12T12:02:03","date_gmt":"2017-04-12T16:02:03","guid":{"rendered":"http:\/\/parkinsonpost.com\/?p=1214"},"modified":"2017-04-12T12:02:03","modified_gmt":"2017-04-12T16:02:03","slug":"you-can-help-develop-a-visual-tool-to-discuss-parkinsons","status":"publish","type":"post","link":"https:\/\/archiveparkinson.thedev.ca\/fr\/you-can-help-develop-a-visual-tool-to-discuss-parkinsons\/","title":{"rendered":"You can help develop a visual tool to discuss Parkinson\u2019s"},"content":{"rendered":"<p><img loading=\"lazy\" class=\"alignright size-full wp-image-1224\" src=\"http:\/\/parkinsonpost.com\/wp-content\/uploads\/Educate-PD_original.jpg\" alt=\"\" width=\"300\" height=\"300\" srcset=\"https:\/\/archiveparkinson.thedev.ca\/wp-content\/uploads\/Educate-PD_original.jpg 300w, https:\/\/archiveparkinson.thedev.ca\/wp-content\/uploads\/Educate-PD_original-150x150.jpg 150w, https:\/\/archiveparkinson.thedev.ca\/wp-content\/uploads\/Educate-PD_original-100x100.jpg 100w\" sizes=\"(max-width: 300px) 100vw, 300px\" \/>We are calling on people living with Parkinson\u2019s, family members and caregivers and health care professionals who care for people with Parkinson\u2019s, to tell us what you need.<\/p>\n<p>We invite you to participate in <strong>Educate PD<\/strong>, an exciting new project designed to help improve the way health care providers communicate with patients and caregivers about Parkinson disease.<\/p>\n<p>Parkinson disease (PD) is a complicated condition associated with many symptoms managed by many medical treatments. \u201cIn our experience, discussing various issues in PD in the clinic setting can be complicated, limited by the ability of the health care provider to explain these issues and the capacity of patients and their caregivers to understand what is being explained,\u201d says Dr. Sean Udow, one of the Educate PD study investigators.<\/p>\n<p>The researchers would like to know what issues relating to PD you need more help to understand or explain. In order to gather this input, the investigators Dr. Sean Udow and Connie Marras, in a joint project of the University Health Network (UHN) and Parkinson Canada, invite you to complete this anonymous <a href=\"https:\/\/www.surveymonkey.com\/r\/educatepd\" rel=\"nofollow\">survey<\/a>. Your responses will provide them with the information they need to make a tool designed to improve communication between patients, caregivers and health care providers.<\/p>\n<p>The tool will make use of illustrations to improve both the ability of health care practitioners to explain, and the ability of patients and caregivers to understand, complicated issues in PD.<\/p>\n<p>Feel free to invite other caregivers, family members or other people living with Parkinson\u2019s disease to participate in this survey by sending them this link:\u00a0<a href=\"https:\/\/www.surveymonkey.com\/r\/educatepd\" rel=\"nofollow\">https:\/\/www.surveymonkey.com\/r\/educatepd<\/a>.<\/p>\n<p>The survey will take between 15 and 20 minutes to complete and your participation is voluntary. Thank you for sharing your thoughts and your time before May 12th!<\/p>\n","protected":false},"excerpt":{"rendered":"<p>We are calling on people living with Parkinson\u2019s, family members and caregivers and health care professionals who care for people &#8230; <a href=\"https:\/\/archiveparkinson.thedev.ca\/fr\/you-can-help-develop-a-visual-tool-to-discuss-parkinsons\/\" class=\"more-link\">En savoir plus<\/a><\/p>\n","protected":false},"author":37,"featured_media":0,"comment_status":"closed","ping_status":"closed","sticky":false,"template":"","format":"standard","meta":[],"categories":[237],"tags":[],"yoast_head":"<!-- This site is optimized with the Yoast SEO plugin v20.6 - https:\/\/yoast.com\/wordpress\/plugins\/seo\/ -->\n<title>You can help develop a visual tool to discuss Parkinson\u2019s - Parkinson Canada<\/title>\n<meta name=\"robots\" content=\"noindex, follow, max-snippet:-1, max-image-preview:large, max-video-preview:-1\" \/>\n<meta property=\"og:locale\" content=\"fr_FR\" \/>\n<meta property=\"og:type\" content=\"article\" \/>\n<meta property=\"og:title\" content=\"You can help develop a visual tool to discuss Parkinson\u2019s - Parkinson Canada\" \/>\n<meta property=\"og:description\" content=\"We are calling on people living with Parkinson\u2019s, family members and caregivers and health care professionals who care for people ... En savoir plus\" \/>\n<meta property=\"og:url\" content=\"https:\/\/archiveparkinson.thedev.ca\/fr\/you-can-help-develop-a-visual-tool-to-discuss-parkinsons\/\" \/>\n<meta property=\"og:site_name\" content=\"Parkinson Canada\" \/>\n<meta property=\"article:publisher\" content=\"https:\/\/www.facebook.com\/parkinsoncanada\/\" \/>\n<meta property=\"article:published_time\" content=\"2017-04-12T16:02:03+00:00\" \/>\n<meta property=\"og:image\" content=\"http:\/\/parkinsonpost.com\/wp-content\/uploads\/Educate-PD_original.jpg\" \/>\n<meta name=\"author\" content=\"communications@parkinson.ca\" \/>\n<meta name=\"twitter:card\" content=\"summary_large_image\" \/>\n<meta name=\"twitter:creator\" content=\"@ParkinsonCanada\" \/>\n<meta name=\"twitter:site\" content=\"@ParkinsonCanada\" \/>\n<meta name=\"twitter:label1\" content=\"\u00c9crit par\" \/>\n\t<meta name=\"twitter:data1\" content=\"communications@parkinson.ca\" \/>\n\t<meta name=\"twitter:label2\" content=\"Dur\u00e9e de lecture estim\u00e9e\" \/>\n\t<meta name=\"twitter:data2\" content=\"1 minute\" \/>\n<script type=\"application\/ld+json\" class=\"yoast-schema-graph\">{\"@context\":\"https:\/\/schema.org\",\"@graph\":[{\"@type\":\"WebPage\",\"@id\":\"https:\/\/archiveparkinson.thedev.ca\/fr\/you-can-help-develop-a-visual-tool-to-discuss-parkinsons\/\",\"url\":\"https:\/\/archiveparkinson.thedev.ca\/fr\/you-can-help-develop-a-visual-tool-to-discuss-parkinsons\/\",\"name\":\"You can help develop a visual tool to discuss Parkinson\u2019s - Parkinson Canada\",\"isPartOf\":{\"@id\":\"https:\/\/archiveparkinson.thedev.ca\/#website\"},\"datePublished\":\"2017-04-12T16:02:03+00:00\",\"dateModified\":\"2017-04-12T16:02:03+00:00\",\"author\":{\"@id\":\"https:\/\/archiveparkinson.thedev.ca\/#\/schema\/person\/03860c23b3c90c09c6aade3ba61072d9\"},\"breadcrumb\":{\"@id\":\"https:\/\/archiveparkinson.thedev.ca\/fr\/you-can-help-develop-a-visual-tool-to-discuss-parkinsons\/#breadcrumb\"},\"inLanguage\":\"fr-FR\",\"potentialAction\":[{\"@type\":\"ReadAction\",\"target\":[\"https:\/\/archiveparkinson.thedev.ca\/fr\/you-can-help-develop-a-visual-tool-to-discuss-parkinsons\/\"]}]},{\"@type\":\"BreadcrumbList\",\"@id\":\"https:\/\/archiveparkinson.thedev.ca\/fr\/you-can-help-develop-a-visual-tool-to-discuss-parkinsons\/#breadcrumb\",\"itemListElement\":[{\"@type\":\"ListItem\",\"position\":1,\"name\":\"Home\",\"item\":\"https:\/\/archiveparkinson.thedev.ca\/fr\/\"},{\"@type\":\"ListItem\",\"position\":2,\"name\":\"You can help develop a visual tool to discuss Parkinson\u2019s\"}]},{\"@type\":\"WebSite\",\"@id\":\"https:\/\/archiveparkinson.thedev.ca\/#website\",\"url\":\"https:\/\/archiveparkinson.thedev.ca\/\",\"name\":\"Parkinson Canada\",\"description\":\"Empowering the Parkinson&#039;s community across Canada\",\"potentialAction\":[{\"@type\":\"SearchAction\",\"target\":{\"@type\":\"EntryPoint\",\"urlTemplate\":\"https:\/\/archiveparkinson.thedev.ca\/?s={search_term_string}\"},\"query-input\":\"required name=search_term_string\"}],\"inLanguage\":\"fr-FR\"},{\"@type\":\"Person\",\"@id\":\"https:\/\/archiveparkinson.thedev.ca\/#\/schema\/person\/03860c23b3c90c09c6aade3ba61072d9\",\"name\":\"communications@parkinson.ca\",\"image\":{\"@type\":\"ImageObject\",\"inLanguage\":\"fr-FR\",\"@id\":\"https:\/\/archiveparkinson.thedev.ca\/#\/schema\/person\/image\/\",\"url\":\"https:\/\/secure.gravatar.com\/avatar\/931eabe92f8bed16e93390bff0d660ab?s=96&d=mm&r=g\",\"contentUrl\":\"https:\/\/secure.gravatar.com\/avatar\/931eabe92f8bed16e93390bff0d660ab?s=96&d=mm&r=g\",\"caption\":\"communications@parkinson.ca\"}}]}<\/script>\n<!-- \/ Yoast SEO plugin. -->","yoast_head_json":{"title":"You can help develop a visual tool to discuss Parkinson\u2019s - Parkinson Canada","robots":{"index":"noindex","follow":"follow","max-snippet":"max-snippet:-1","max-image-preview":"max-image-preview:large","max-video-preview":"max-video-preview:-1"},"og_locale":"fr_FR","og_type":"article","og_title":"You can help develop a visual tool to discuss Parkinson\u2019s - Parkinson Canada","og_description":"We are calling on people living with Parkinson\u2019s, family members and caregivers and health care professionals who care for people ... En savoir plus","og_url":"https:\/\/archiveparkinson.thedev.ca\/fr\/you-can-help-develop-a-visual-tool-to-discuss-parkinsons\/","og_site_name":"Parkinson Canada","article_publisher":"https:\/\/www.facebook.com\/parkinsoncanada\/","article_published_time":"2017-04-12T16:02:03+00:00","og_image":[{"url":"http:\/\/parkinsonpost.com\/wp-content\/uploads\/Educate-PD_original.jpg"}],"author":"communications@parkinson.ca","twitter_card":"summary_large_image","twitter_creator":"@ParkinsonCanada","twitter_site":"@ParkinsonCanada","twitter_misc":{"\u00c9crit par":"communications@parkinson.ca","Dur\u00e9e de lecture estim\u00e9e":"1 minute"},"schema":{"@context":"https:\/\/schema.org","@graph":[{"@type":"WebPage","@id":"https:\/\/archiveparkinson.thedev.ca\/fr\/you-can-help-develop-a-visual-tool-to-discuss-parkinsons\/","url":"https:\/\/archiveparkinson.thedev.ca\/fr\/you-can-help-develop-a-visual-tool-to-discuss-parkinsons\/","name":"You can help develop a visual tool to discuss Parkinson\u2019s - Parkinson Canada","isPartOf":{"@id":"https:\/\/archiveparkinson.thedev.ca\/#website"},"datePublished":"2017-04-12T16:02:03+00:00","dateModified":"2017-04-12T16:02:03+00:00","author":{"@id":"https:\/\/archiveparkinson.thedev.ca\/#\/schema\/person\/03860c23b3c90c09c6aade3ba61072d9"},"breadcrumb":{"@id":"https:\/\/archiveparkinson.thedev.ca\/fr\/you-can-help-develop-a-visual-tool-to-discuss-parkinsons\/#breadcrumb"},"inLanguage":"fr-FR","potentialAction":[{"@type":"ReadAction","target":["https:\/\/archiveparkinson.thedev.ca\/fr\/you-can-help-develop-a-visual-tool-to-discuss-parkinsons\/"]}]},{"@type":"BreadcrumbList","@id":"https:\/\/archiveparkinson.thedev.ca\/fr\/you-can-help-develop-a-visual-tool-to-discuss-parkinsons\/#breadcrumb","itemListElement":[{"@type":"ListItem","position":1,"name":"Home","item":"https:\/\/archiveparkinson.thedev.ca\/fr\/"},{"@type":"ListItem","position":2,"name":"You can help develop a visual tool to discuss Parkinson\u2019s"}]},{"@type":"WebSite","@id":"https:\/\/archiveparkinson.thedev.ca\/#website","url":"https:\/\/archiveparkinson.thedev.ca\/","name":"Parkinson Canada","description":"Empowering the Parkinson&#039;s community across Canada","potentialAction":[{"@type":"SearchAction","target":{"@type":"EntryPoint","urlTemplate":"https:\/\/archiveparkinson.thedev.ca\/?s={search_term_string}"},"query-input":"required name=search_term_string"}],"inLanguage":"fr-FR"},{"@type":"Person","@id":"https:\/\/archiveparkinson.thedev.ca\/#\/schema\/person\/03860c23b3c90c09c6aade3ba61072d9","name":"communications@parkinson.ca","image":{"@type":"ImageObject","inLanguage":"fr-FR","@id":"https:\/\/archiveparkinson.thedev.ca\/#\/schema\/person\/image\/","url":"https:\/\/secure.gravatar.com\/avatar\/931eabe92f8bed16e93390bff0d660ab?s=96&d=mm&r=g","contentUrl":"https:\/\/secure.gravatar.com\/avatar\/931eabe92f8bed16e93390bff0d660ab?s=96&d=mm&r=g","caption":"communications@parkinson.ca"}}]}},"_links":{"self":[{"href":"https:\/\/archiveparkinson.thedev.ca\/fr\/wp-json\/wp\/v2\/posts\/1214"}],"collection":[{"href":"https:\/\/archiveparkinson.thedev.ca\/fr\/wp-json\/wp\/v2\/posts"}],"about":[{"href":"https:\/\/archiveparkinson.thedev.ca\/fr\/wp-json\/wp\/v2\/types\/post"}],"author":[{"embeddable":true,"href":"https:\/\/archiveparkinson.thedev.ca\/fr\/wp-json\/wp\/v2\/users\/37"}],"replies":[{"embeddable":true,"href":"https:\/\/archiveparkinson.thedev.ca\/fr\/wp-json\/wp\/v2\/comments?post=1214"}],"version-history":[{"count":0,"href":"https:\/\/archiveparkinson.thedev.ca\/fr\/wp-json\/wp\/v2\/posts\/1214\/revisions"}],"wp:attachment":[{"href":"https:\/\/archiveparkinson.thedev.ca\/fr\/wp-json\/wp\/v2\/media?parent=1214"}],"wp:term":[{"taxonomy":"category","embeddable":true,"href":"https:\/\/archiveparkinson.thedev.ca\/fr\/wp-json\/wp\/v2\/categories?post=1214"},{"taxonomy":"post_tag","embeddable":true,"href":"https:\/\/archiveparkinson.thedev.ca\/fr\/wp-json\/wp\/v2\/tags?post=1214"}],"curies":[{"name":"wp","href":"https:\/\/api.w.org\/{rel}","templated":true}]}}