{"id":1346,"date":"2017-09-20T00:01:34","date_gmt":"2017-09-20T04:01:34","guid":{"rendered":"http:\/\/parkinsonpost.com\/?p=1346"},"modified":"2017-09-20T00:01:34","modified_gmt":"2017-09-20T04:01:34","slug":"youve-been-heard-thank-you","status":"publish","type":"post","link":"https:\/\/archiveparkinson.thedev.ca\/fr\/youve-been-heard-thank-you\/","title":{"rendered":"You\u2019ve been heard &#8211; thank you!"},"content":{"rendered":"<p><img loading=\"lazy\" class=\"alignright size-full wp-image-1347\" src=\"http:\/\/parkinsonpost.com\/wp-content\/uploads\/2017-09-15-04.jpg\" alt=\"Apomorphine\" width=\"400\" height=\"266\" \/>Earlier this summer, we put a call out to the Parkinson\u2019s community across Canada to have your say about apomorphine (brand name Movapo\u00ae) and treatment options for people with Parkinson\u2019s.<\/p>\n<p>Thanks to your timely and meaningful input, we were able to prepare a patient evidence submission to CADTH, the Canadian Agency for Drugs and Technologies in Health.<\/p>\n<p>We will keep you informed as any major milestones are reached. If you wish to follow the progress of this review now that together we completed the first important step, visit the CADTH website page that outlines the next steps in this review process: <a href=\"https:\/\/www.cadth.ca\/apomorphine\">https:\/\/www.cadth.ca\/apomorphine<\/a><\/p>\n<p>The final recommendation is expected early in January 2018. If there is a positive recommendation, further processes will need to get underway before public coverage is made available. We will be sure to keep you informed.<\/p>\n<p>We are grateful for your input and we are here if you have any follow-up questions. Contact <a href=\"mailto:Jacquie.Micallef@parkinson.ca\">Jacquie.Micallef@parkinson.ca<\/a>.<\/p>\n","protected":false},"excerpt":{"rendered":"<p>Earlier this summer, we put a call out to the Parkinson\u2019s community across Canada to have your say about apomorphine &#8230; <a href=\"https:\/\/archiveparkinson.thedev.ca\/fr\/youve-been-heard-thank-you\/\" class=\"more-link\">En savoir plus<\/a><\/p>\n","protected":false},"author":37,"featured_media":0,"comment_status":"closed","ping_status":"closed","sticky":false,"template":"","format":"standard","meta":[],"categories":[237],"tags":[],"yoast_head":"<!-- This site is optimized with the Yoast SEO plugin v20.6 - https:\/\/yoast.com\/wordpress\/plugins\/seo\/ -->\n<title>You\u2019ve been heard - thank you! - Parkinson Canada<\/title>\n<meta name=\"robots\" content=\"noindex, follow, max-snippet:-1, max-image-preview:large, max-video-preview:-1\" \/>\n<meta property=\"og:locale\" content=\"fr_FR\" \/>\n<meta property=\"og:type\" content=\"article\" \/>\n<meta property=\"og:title\" content=\"You\u2019ve been heard - thank you! - Parkinson Canada\" \/>\n<meta property=\"og:description\" content=\"Earlier this summer, we put a call out to the Parkinson\u2019s community across Canada to have your say about apomorphine ... En savoir plus\" \/>\n<meta property=\"og:url\" content=\"https:\/\/archiveparkinson.thedev.ca\/fr\/youve-been-heard-thank-you\/\" \/>\n<meta property=\"og:site_name\" content=\"Parkinson Canada\" \/>\n<meta property=\"article:publisher\" content=\"https:\/\/www.facebook.com\/parkinsoncanada\/\" \/>\n<meta property=\"article:published_time\" content=\"2017-09-20T04:01:34+00:00\" \/>\n<meta property=\"og:image\" content=\"http:\/\/parkinsonpost.com\/wp-content\/uploads\/2017-09-15-04.jpg\" \/>\n<meta name=\"author\" content=\"communications@parkinson.ca\" \/>\n<meta name=\"twitter:card\" content=\"summary_large_image\" \/>\n<meta name=\"twitter:creator\" content=\"@ParkinsonCanada\" \/>\n<meta name=\"twitter:site\" content=\"@ParkinsonCanada\" \/>\n<meta name=\"twitter:label1\" content=\"\u00c9crit par\" \/>\n\t<meta name=\"twitter:data1\" content=\"communications@parkinson.ca\" \/>\n\t<meta name=\"twitter:label2\" content=\"Dur\u00e9e de lecture estim\u00e9e\" \/>\n\t<meta name=\"twitter:data2\" content=\"1 minute\" \/>\n<script type=\"application\/ld+json\" class=\"yoast-schema-graph\">{\"@context\":\"https:\/\/schema.org\",\"@graph\":[{\"@type\":\"WebPage\",\"@id\":\"https:\/\/archiveparkinson.thedev.ca\/fr\/youve-been-heard-thank-you\/\",\"url\":\"https:\/\/archiveparkinson.thedev.ca\/fr\/youve-been-heard-thank-you\/\",\"name\":\"You\u2019ve been heard - thank you! - Parkinson Canada\",\"isPartOf\":{\"@id\":\"https:\/\/archiveparkinson.thedev.ca\/#website\"},\"datePublished\":\"2017-09-20T04:01:34+00:00\",\"dateModified\":\"2017-09-20T04:01:34+00:00\",\"author\":{\"@id\":\"https:\/\/archiveparkinson.thedev.ca\/#\/schema\/person\/03860c23b3c90c09c6aade3ba61072d9\"},\"breadcrumb\":{\"@id\":\"https:\/\/archiveparkinson.thedev.ca\/fr\/youve-been-heard-thank-you\/#breadcrumb\"},\"inLanguage\":\"fr-FR\",\"potentialAction\":[{\"@type\":\"ReadAction\",\"target\":[\"https:\/\/archiveparkinson.thedev.ca\/fr\/youve-been-heard-thank-you\/\"]}]},{\"@type\":\"BreadcrumbList\",\"@id\":\"https:\/\/archiveparkinson.thedev.ca\/fr\/youve-been-heard-thank-you\/#breadcrumb\",\"itemListElement\":[{\"@type\":\"ListItem\",\"position\":1,\"name\":\"Home\",\"item\":\"https:\/\/archiveparkinson.thedev.ca\/fr\/\"},{\"@type\":\"ListItem\",\"position\":2,\"name\":\"You\u2019ve been heard &#8211; thank you!\"}]},{\"@type\":\"WebSite\",\"@id\":\"https:\/\/archiveparkinson.thedev.ca\/#website\",\"url\":\"https:\/\/archiveparkinson.thedev.ca\/\",\"name\":\"Parkinson Canada\",\"description\":\"Empowering the Parkinson&#039;s community across Canada\",\"potentialAction\":[{\"@type\":\"SearchAction\",\"target\":{\"@type\":\"EntryPoint\",\"urlTemplate\":\"https:\/\/archiveparkinson.thedev.ca\/?s={search_term_string}\"},\"query-input\":\"required name=search_term_string\"}],\"inLanguage\":\"fr-FR\"},{\"@type\":\"Person\",\"@id\":\"https:\/\/archiveparkinson.thedev.ca\/#\/schema\/person\/03860c23b3c90c09c6aade3ba61072d9\",\"name\":\"communications@parkinson.ca\",\"image\":{\"@type\":\"ImageObject\",\"inLanguage\":\"fr-FR\",\"@id\":\"https:\/\/archiveparkinson.thedev.ca\/#\/schema\/person\/image\/\",\"url\":\"https:\/\/secure.gravatar.com\/avatar\/931eabe92f8bed16e93390bff0d660ab?s=96&d=mm&r=g\",\"contentUrl\":\"https:\/\/secure.gravatar.com\/avatar\/931eabe92f8bed16e93390bff0d660ab?s=96&d=mm&r=g\",\"caption\":\"communications@parkinson.ca\"}}]}<\/script>\n<!-- \/ Yoast SEO plugin. -->","yoast_head_json":{"title":"You\u2019ve been heard - thank you! - Parkinson Canada","robots":{"index":"noindex","follow":"follow","max-snippet":"max-snippet:-1","max-image-preview":"max-image-preview:large","max-video-preview":"max-video-preview:-1"},"og_locale":"fr_FR","og_type":"article","og_title":"You\u2019ve been heard - thank you! - Parkinson Canada","og_description":"Earlier this summer, we put a call out to the Parkinson\u2019s community across Canada to have your say about apomorphine ... En savoir plus","og_url":"https:\/\/archiveparkinson.thedev.ca\/fr\/youve-been-heard-thank-you\/","og_site_name":"Parkinson Canada","article_publisher":"https:\/\/www.facebook.com\/parkinsoncanada\/","article_published_time":"2017-09-20T04:01:34+00:00","og_image":[{"url":"http:\/\/parkinsonpost.com\/wp-content\/uploads\/2017-09-15-04.jpg"}],"author":"communications@parkinson.ca","twitter_card":"summary_large_image","twitter_creator":"@ParkinsonCanada","twitter_site":"@ParkinsonCanada","twitter_misc":{"\u00c9crit par":"communications@parkinson.ca","Dur\u00e9e de lecture estim\u00e9e":"1 minute"},"schema":{"@context":"https:\/\/schema.org","@graph":[{"@type":"WebPage","@id":"https:\/\/archiveparkinson.thedev.ca\/fr\/youve-been-heard-thank-you\/","url":"https:\/\/archiveparkinson.thedev.ca\/fr\/youve-been-heard-thank-you\/","name":"You\u2019ve been heard - thank you! - Parkinson Canada","isPartOf":{"@id":"https:\/\/archiveparkinson.thedev.ca\/#website"},"datePublished":"2017-09-20T04:01:34+00:00","dateModified":"2017-09-20T04:01:34+00:00","author":{"@id":"https:\/\/archiveparkinson.thedev.ca\/#\/schema\/person\/03860c23b3c90c09c6aade3ba61072d9"},"breadcrumb":{"@id":"https:\/\/archiveparkinson.thedev.ca\/fr\/youve-been-heard-thank-you\/#breadcrumb"},"inLanguage":"fr-FR","potentialAction":[{"@type":"ReadAction","target":["https:\/\/archiveparkinson.thedev.ca\/fr\/youve-been-heard-thank-you\/"]}]},{"@type":"BreadcrumbList","@id":"https:\/\/archiveparkinson.thedev.ca\/fr\/youve-been-heard-thank-you\/#breadcrumb","itemListElement":[{"@type":"ListItem","position":1,"name":"Home","item":"https:\/\/archiveparkinson.thedev.ca\/fr\/"},{"@type":"ListItem","position":2,"name":"You\u2019ve been heard &#8211; thank you!"}]},{"@type":"WebSite","@id":"https:\/\/archiveparkinson.thedev.ca\/#website","url":"https:\/\/archiveparkinson.thedev.ca\/","name":"Parkinson Canada","description":"Empowering the Parkinson&#039;s community across Canada","potentialAction":[{"@type":"SearchAction","target":{"@type":"EntryPoint","urlTemplate":"https:\/\/archiveparkinson.thedev.ca\/?s={search_term_string}"},"query-input":"required name=search_term_string"}],"inLanguage":"fr-FR"},{"@type":"Person","@id":"https:\/\/archiveparkinson.thedev.ca\/#\/schema\/person\/03860c23b3c90c09c6aade3ba61072d9","name":"communications@parkinson.ca","image":{"@type":"ImageObject","inLanguage":"fr-FR","@id":"https:\/\/archiveparkinson.thedev.ca\/#\/schema\/person\/image\/","url":"https:\/\/secure.gravatar.com\/avatar\/931eabe92f8bed16e93390bff0d660ab?s=96&d=mm&r=g","contentUrl":"https:\/\/secure.gravatar.com\/avatar\/931eabe92f8bed16e93390bff0d660ab?s=96&d=mm&r=g","caption":"communications@parkinson.ca"}}]}},"_links":{"self":[{"href":"https:\/\/archiveparkinson.thedev.ca\/fr\/wp-json\/wp\/v2\/posts\/1346"}],"collection":[{"href":"https:\/\/archiveparkinson.thedev.ca\/fr\/wp-json\/wp\/v2\/posts"}],"about":[{"href":"https:\/\/archiveparkinson.thedev.ca\/fr\/wp-json\/wp\/v2\/types\/post"}],"author":[{"embeddable":true,"href":"https:\/\/archiveparkinson.thedev.ca\/fr\/wp-json\/wp\/v2\/users\/37"}],"replies":[{"embeddable":true,"href":"https:\/\/archiveparkinson.thedev.ca\/fr\/wp-json\/wp\/v2\/comments?post=1346"}],"version-history":[{"count":0,"href":"https:\/\/archiveparkinson.thedev.ca\/fr\/wp-json\/wp\/v2\/posts\/1346\/revisions"}],"wp:attachment":[{"href":"https:\/\/archiveparkinson.thedev.ca\/fr\/wp-json\/wp\/v2\/media?parent=1346"}],"wp:term":[{"taxonomy":"category","embeddable":true,"href":"https:\/\/archiveparkinson.thedev.ca\/fr\/wp-json\/wp\/v2\/categories?post=1346"},{"taxonomy":"post_tag","embeddable":true,"href":"https:\/\/archiveparkinson.thedev.ca\/fr\/wp-json\/wp\/v2\/tags?post=1346"}],"curies":[{"name":"wp","href":"https:\/\/api.w.org\/{rel}","templated":true}]}}