{"id":1380,"date":"2017-11-14T00:03:31","date_gmt":"2017-11-14T05:03:31","guid":{"rendered":"http:\/\/parkinsonpost.com\/?p=1380"},"modified":"2017-11-14T00:03:31","modified_gmt":"2017-11-14T05:03:31","slug":"i-dont-know-what-to-say","status":"publish","type":"post","link":"https:\/\/archiveparkinson.thedev.ca\/fr\/i-dont-know-what-to-say\/","title":{"rendered":"I don\u2019t know what to say"},"content":{"rendered":"<p><img loading=\"lazy\" class=\"alignright size-full wp-image-1381\" src=\"http:\/\/parkinsonpost.com\/wp-content\/uploads\/2017-11-15-01-difficult-conversations.jpg\" alt=\"difficult conversations\" width=\"400\" height=\"267\" srcset=\"https:\/\/archiveparkinson.thedev.ca\/wp-content\/uploads\/2017-11-15-01-difficult-conversations.jpg 400w, https:\/\/archiveparkinson.thedev.ca\/wp-content\/uploads\/2017-11-15-01-difficult-conversations-300x200.jpg 300w, https:\/\/archiveparkinson.thedev.ca\/wp-content\/uploads\/2017-11-15-01-difficult-conversations-150x100.jpg 150w, https:\/\/archiveparkinson.thedev.ca\/wp-content\/uploads\/2017-11-15-01-difficult-conversations-100x67.jpg 100w\" sizes=\"(max-width: 400px) 100vw, 400px\" \/>Your husband \u201cperforms\u201d well when his adult children visit and at testing appointments with his doctor, but you know it\u2019s a different story when it\u2019s just the two of you at home. What can you do to get the help you and he both truly need?<\/p>\n<p>What should you do when your parent with dementia doesn\u2019t remember previous discussions about decisions about their care? And how do you even have difficult conversations with a parent when you live on the other side of the country?<\/p>\n<p>These are just some of the complicated issues that were addressed during the question and answer portion of the caregiver webinar entitled: <a href=\"https:\/\/vimeo.com\/240002978\">\u201cI don\u2019t know what to say\u201d\u2026 Beginning difficult conversations.<\/a> The webinar was presented last month in collaboration by Alzheimer Society Canada, Parkinson Canada and Multiple Sclerosis Society of Canada. Social workers Elaine Book and Amy Freeman made the presentation, with social worker Theresa Jiwa joining the panel for discussion afterwards. This is the third in a series of webinars especially for caregivers. You can access other webinars and podcasts <a href=\"http:\/\/archiveparkinson.thedev.ca\/resources\/knowledge-network\/\" rel=\"nofollow\">here<\/a>.<\/p>\n<p>We all want to develop deeper connections with the people who are important to us. The webinar begins with this statement and explains the attitudes, processes and strategies that can help you achieve a meaningful connection, especially when relating to loved ones with neurological conditions.<\/p>\n<p>A difficult conversation usually means the issue is emotionally charged and we are reluctant to talk about it. We may not want to talk about it, but we must. Feelings of dread and fear can cause anxiety and sleeplessness. And, anticipation of the conversation is often worse than the reality.<\/p>\n<p>Shift your attitude about the conversation. Having the discussion shows you care. Approach your loved one to discover what matters to them, rather than what is the matter with them. Consider how you would like to be approached about the same topic. And do a little homework. Ask others how they have conducted similar conversations and what worked for them. In addition, have the facts available to present options, not decisions, to them. You can even bring notes to the discussion.<\/p>\n<p>The presenters suggest \u201csetting the stage\u201d for the conversation. Set up an appointment, with a date, time and time limit, in advance, and tell them what you\u2019d like to discuss. Only address one issue at a time.\u00a0 Set up an enjoyable activity, like an outing to a coffee shop, for after the conversation.<\/p>\n<p>Pay attention to your tone. Speak calmly and avoid judgements. For instance, if you are concerned about a parent\u2019s nutrition, instead of saying \u201cDad, there\u2019s nothing in your fridge!\u201d Try, \u201cI notice there\u2019s not much in your fridge. How are you getting your groceries and preparing meals?\u201d This may be a better way to then explore solutions to the situation \u2013 together.<\/p>\n<p>The webinar addresses six challenging topics that caregivers frequently need to address, including:<\/p>\n<ul>\n<li>Sharing the diagnosis<\/li>\n<li>Recognizing and sharing changes with health care professionals<\/li>\n<li>Accepting help<\/li>\n<li>Concerns about driving<\/li>\n<li>Intimacy<\/li>\n<li>Advance care planning.<\/li>\n<\/ul>\n<p>Elaine Book and Amy Freeman offer strategies and advice for talking about each of these challenging topics. For instance, accepting help is not a sign of weakness; it takes strength. You cannot go it alone, you need help to manage. Try to focus on positives, what is gained, not lost. Reframe accepting help as a way to maintain independence, not take it away.<\/p>\n<p>When someone is reluctant to accept help, listen to their concerns and don\u2019t try to change their mind. Instead, plant seeds with possible solutions and go slowly, taking small steps, one at a time. It does require patience. Another option is to have your family member\u2019s doctor suggest assistance as part of the person\u2019s health care plan, and even write a prescription for specific assistance.<\/p>\n<p>And if you are the person able to help, make the offer, and be specific. For instance, an adult child may offer to spend time with their mother or father, who has a neurological condition, because of concern about the caregiving parent. Make the offer, for example, by saying <em>you want to spend time with that parent<\/em>, for two or three hours each Sunday afternoon, not because the primary caregiver needs a break.<\/p>\n<p>Underlying all of these difficult conversations are the emotions of loss and grief, for the loss or changing of the relationship and the feelings of sadness, anger, fear and guilt that accompany a loss. The webinar offers advice on how caregivers can deal with these emotions. A quote from caregiver guru Rosemary Parse, provides a guiding light: \u201cQuality of life is not what those outside the life looking in think it is, but rather it is what the person living the life says it is.\u201d<\/p>\n<p>Each person\u2019s journey with a neurological condition is as distinct as they are; so is your journey as a caregiver. Above all, the webinar presenters urge caregivers to be kind to themselves.<\/p>\n<p>So, what about the husband who performs well on tests that we mentioned at the beginning of this article. Know that most physicians consider facts beyond the test results and will usually ask for family input too. And, you are certainly within your rights to ask for your own appointment with the doctor to share your concerns and observations. Social workers can also meet with caregivers and adult children to discuss concerns, strategies and solutions.<\/p>\n<p>If you are connecting from a distance, technology can help. Try Skype or other video\/phone options. It\u2019s not quite like being there, but at least you can respond to visual cues. You can also consult by phone with your loved one\u2019s health care professionals, including social workers.<\/p>\n<p>At the close of the webinar, you\u2019ll find a number of other resources to help you begin difficult discussions. Know that you are not alone. Parkinson Canada staff are ready to help you. Call our Information and Referral Helpline at 1-800-565-300 or email your questions to <a href=\"mailto:info@parkinson.ca\">info@parkinson.ca<\/a>.<\/p>\n","protected":false},"excerpt":{"rendered":"<p>Your husband \u201cperforms\u201d well when his adult children visit and at testing appointments with his doctor, but you know it\u2019s &#8230; <a href=\"https:\/\/archiveparkinson.thedev.ca\/fr\/i-dont-know-what-to-say\/\" class=\"more-link\">En savoir plus<\/a><\/p>\n","protected":false},"author":37,"featured_media":0,"comment_status":"closed","ping_status":"closed","sticky":false,"template":"","format":"standard","meta":[],"categories":[237],"tags":[],"yoast_head":"<!-- This site is optimized with the Yoast SEO plugin v20.6 - https:\/\/yoast.com\/wordpress\/plugins\/seo\/ -->\n<title>I don\u2019t know what to say - Parkinson Canada<\/title>\n<meta name=\"robots\" content=\"noindex, follow, max-snippet:-1, max-image-preview:large, max-video-preview:-1\" \/>\n<meta property=\"og:locale\" content=\"fr_FR\" \/>\n<meta property=\"og:type\" content=\"article\" \/>\n<meta property=\"og:title\" content=\"I don\u2019t know what to say - Parkinson Canada\" \/>\n<meta property=\"og:description\" content=\"Your husband \u201cperforms\u201d well when his adult children visit and at testing appointments with his doctor, but you know it\u2019s ... En savoir plus\" \/>\n<meta property=\"og:url\" content=\"https:\/\/archiveparkinson.thedev.ca\/fr\/i-dont-know-what-to-say\/\" \/>\n<meta property=\"og:site_name\" content=\"Parkinson Canada\" \/>\n<meta property=\"article:publisher\" content=\"https:\/\/www.facebook.com\/parkinsoncanada\/\" \/>\n<meta property=\"article:published_time\" content=\"2017-11-14T05:03:31+00:00\" \/>\n<meta property=\"og:image\" content=\"http:\/\/parkinsonpost.com\/wp-content\/uploads\/2017-11-15-01-difficult-conversations.jpg\" \/>\n<meta name=\"author\" content=\"communications@parkinson.ca\" \/>\n<meta name=\"twitter:card\" content=\"summary_large_image\" \/>\n<meta name=\"twitter:creator\" content=\"@ParkinsonCanada\" \/>\n<meta name=\"twitter:site\" content=\"@ParkinsonCanada\" \/>\n<meta name=\"twitter:label1\" content=\"\u00c9crit par\" \/>\n\t<meta name=\"twitter:data1\" content=\"communications@parkinson.ca\" \/>\n\t<meta name=\"twitter:label2\" content=\"Dur\u00e9e de lecture estim\u00e9e\" \/>\n\t<meta name=\"twitter:data2\" content=\"5 minutes\" \/>\n<script type=\"application\/ld+json\" class=\"yoast-schema-graph\">{\"@context\":\"https:\/\/schema.org\",\"@graph\":[{\"@type\":\"WebPage\",\"@id\":\"https:\/\/archiveparkinson.thedev.ca\/fr\/i-dont-know-what-to-say\/\",\"url\":\"https:\/\/archiveparkinson.thedev.ca\/fr\/i-dont-know-what-to-say\/\",\"name\":\"I don\u2019t know what to say - Parkinson Canada\",\"isPartOf\":{\"@id\":\"https:\/\/archiveparkinson.thedev.ca\/#website\"},\"datePublished\":\"2017-11-14T05:03:31+00:00\",\"dateModified\":\"2017-11-14T05:03:31+00:00\",\"author\":{\"@id\":\"https:\/\/archiveparkinson.thedev.ca\/#\/schema\/person\/03860c23b3c90c09c6aade3ba61072d9\"},\"breadcrumb\":{\"@id\":\"https:\/\/archiveparkinson.thedev.ca\/fr\/i-dont-know-what-to-say\/#breadcrumb\"},\"inLanguage\":\"fr-FR\",\"potentialAction\":[{\"@type\":\"ReadAction\",\"target\":[\"https:\/\/archiveparkinson.thedev.ca\/fr\/i-dont-know-what-to-say\/\"]}]},{\"@type\":\"BreadcrumbList\",\"@id\":\"https:\/\/archiveparkinson.thedev.ca\/fr\/i-dont-know-what-to-say\/#breadcrumb\",\"itemListElement\":[{\"@type\":\"ListItem\",\"position\":1,\"name\":\"Home\",\"item\":\"https:\/\/archiveparkinson.thedev.ca\/fr\/\"},{\"@type\":\"ListItem\",\"position\":2,\"name\":\"I don\u2019t know what to say\"}]},{\"@type\":\"WebSite\",\"@id\":\"https:\/\/archiveparkinson.thedev.ca\/#website\",\"url\":\"https:\/\/archiveparkinson.thedev.ca\/\",\"name\":\"Parkinson Canada\",\"description\":\"Empowering the Parkinson&#039;s community across Canada\",\"potentialAction\":[{\"@type\":\"SearchAction\",\"target\":{\"@type\":\"EntryPoint\",\"urlTemplate\":\"https:\/\/archiveparkinson.thedev.ca\/?s={search_term_string}\"},\"query-input\":\"required name=search_term_string\"}],\"inLanguage\":\"fr-FR\"},{\"@type\":\"Person\",\"@id\":\"https:\/\/archiveparkinson.thedev.ca\/#\/schema\/person\/03860c23b3c90c09c6aade3ba61072d9\",\"name\":\"communications@parkinson.ca\",\"image\":{\"@type\":\"ImageObject\",\"inLanguage\":\"fr-FR\",\"@id\":\"https:\/\/archiveparkinson.thedev.ca\/#\/schema\/person\/image\/\",\"url\":\"https:\/\/secure.gravatar.com\/avatar\/931eabe92f8bed16e93390bff0d660ab?s=96&d=mm&r=g\",\"contentUrl\":\"https:\/\/secure.gravatar.com\/avatar\/931eabe92f8bed16e93390bff0d660ab?s=96&d=mm&r=g\",\"caption\":\"communications@parkinson.ca\"}}]}<\/script>\n<!-- \/ Yoast SEO plugin. -->","yoast_head_json":{"title":"I don\u2019t know what to say - Parkinson Canada","robots":{"index":"noindex","follow":"follow","max-snippet":"max-snippet:-1","max-image-preview":"max-image-preview:large","max-video-preview":"max-video-preview:-1"},"og_locale":"fr_FR","og_type":"article","og_title":"I don\u2019t know what to say - Parkinson Canada","og_description":"Your husband \u201cperforms\u201d well when his adult children visit and at testing appointments with his doctor, but you know it\u2019s ... En savoir plus","og_url":"https:\/\/archiveparkinson.thedev.ca\/fr\/i-dont-know-what-to-say\/","og_site_name":"Parkinson Canada","article_publisher":"https:\/\/www.facebook.com\/parkinsoncanada\/","article_published_time":"2017-11-14T05:03:31+00:00","og_image":[{"url":"http:\/\/parkinsonpost.com\/wp-content\/uploads\/2017-11-15-01-difficult-conversations.jpg"}],"author":"communications@parkinson.ca","twitter_card":"summary_large_image","twitter_creator":"@ParkinsonCanada","twitter_site":"@ParkinsonCanada","twitter_misc":{"\u00c9crit par":"communications@parkinson.ca","Dur\u00e9e de lecture estim\u00e9e":"5 minutes"},"schema":{"@context":"https:\/\/schema.org","@graph":[{"@type":"WebPage","@id":"https:\/\/archiveparkinson.thedev.ca\/fr\/i-dont-know-what-to-say\/","url":"https:\/\/archiveparkinson.thedev.ca\/fr\/i-dont-know-what-to-say\/","name":"I don\u2019t know what to say - Parkinson Canada","isPartOf":{"@id":"https:\/\/archiveparkinson.thedev.ca\/#website"},"datePublished":"2017-11-14T05:03:31+00:00","dateModified":"2017-11-14T05:03:31+00:00","author":{"@id":"https:\/\/archiveparkinson.thedev.ca\/#\/schema\/person\/03860c23b3c90c09c6aade3ba61072d9"},"breadcrumb":{"@id":"https:\/\/archiveparkinson.thedev.ca\/fr\/i-dont-know-what-to-say\/#breadcrumb"},"inLanguage":"fr-FR","potentialAction":[{"@type":"ReadAction","target":["https:\/\/archiveparkinson.thedev.ca\/fr\/i-dont-know-what-to-say\/"]}]},{"@type":"BreadcrumbList","@id":"https:\/\/archiveparkinson.thedev.ca\/fr\/i-dont-know-what-to-say\/#breadcrumb","itemListElement":[{"@type":"ListItem","position":1,"name":"Home","item":"https:\/\/archiveparkinson.thedev.ca\/fr\/"},{"@type":"ListItem","position":2,"name":"I don\u2019t know what to say"}]},{"@type":"WebSite","@id":"https:\/\/archiveparkinson.thedev.ca\/#website","url":"https:\/\/archiveparkinson.thedev.ca\/","name":"Parkinson Canada","description":"Empowering the Parkinson&#039;s community across Canada","potentialAction":[{"@type":"SearchAction","target":{"@type":"EntryPoint","urlTemplate":"https:\/\/archiveparkinson.thedev.ca\/?s={search_term_string}"},"query-input":"required name=search_term_string"}],"inLanguage":"fr-FR"},{"@type":"Person","@id":"https:\/\/archiveparkinson.thedev.ca\/#\/schema\/person\/03860c23b3c90c09c6aade3ba61072d9","name":"communications@parkinson.ca","image":{"@type":"ImageObject","inLanguage":"fr-FR","@id":"https:\/\/archiveparkinson.thedev.ca\/#\/schema\/person\/image\/","url":"https:\/\/secure.gravatar.com\/avatar\/931eabe92f8bed16e93390bff0d660ab?s=96&d=mm&r=g","contentUrl":"https:\/\/secure.gravatar.com\/avatar\/931eabe92f8bed16e93390bff0d660ab?s=96&d=mm&r=g","caption":"communications@parkinson.ca"}}]}},"_links":{"self":[{"href":"https:\/\/archiveparkinson.thedev.ca\/fr\/wp-json\/wp\/v2\/posts\/1380"}],"collection":[{"href":"https:\/\/archiveparkinson.thedev.ca\/fr\/wp-json\/wp\/v2\/posts"}],"about":[{"href":"https:\/\/archiveparkinson.thedev.ca\/fr\/wp-json\/wp\/v2\/types\/post"}],"author":[{"embeddable":true,"href":"https:\/\/archiveparkinson.thedev.ca\/fr\/wp-json\/wp\/v2\/users\/37"}],"replies":[{"embeddable":true,"href":"https:\/\/archiveparkinson.thedev.ca\/fr\/wp-json\/wp\/v2\/comments?post=1380"}],"version-history":[{"count":0,"href":"https:\/\/archiveparkinson.thedev.ca\/fr\/wp-json\/wp\/v2\/posts\/1380\/revisions"}],"wp:attachment":[{"href":"https:\/\/archiveparkinson.thedev.ca\/fr\/wp-json\/wp\/v2\/media?parent=1380"}],"wp:term":[{"taxonomy":"category","embeddable":true,"href":"https:\/\/archiveparkinson.thedev.ca\/fr\/wp-json\/wp\/v2\/categories?post=1380"},{"taxonomy":"post_tag","embeddable":true,"href":"https:\/\/archiveparkinson.thedev.ca\/fr\/wp-json\/wp\/v2\/tags?post=1380"}],"curies":[{"name":"wp","href":"https:\/\/api.w.org\/{rel}","templated":true}]}}