{"id":1811,"date":"2018-09-18T13:02:03","date_gmt":"2018-09-18T17:02:03","guid":{"rendered":"http:\/\/parkinsonpost.com\/?p=1811"},"modified":"2018-09-18T13:02:03","modified_gmt":"2018-09-18T17:02:03","slug":"a-new-way-to-measure-parkinsons-progression-imaging-synaptic-pruning-in-parkinsonisms","status":"publish","type":"post","link":"https:\/\/archiveparkinson.thedev.ca\/fr\/a-new-way-to-measure-parkinsons-progression-imaging-synaptic-pruning-in-parkinsonisms\/","title":{"rendered":"A new way to measure Parkinson\u2019s progression: Imaging synaptic pruning in Parkinsonisms"},"content":{"rendered":"<div id=\"attachment_1812\" style=\"width: 310px\" class=\"wp-caption alignright\"><img aria-describedby=\"caption-attachment-1812\" loading=\"lazy\" class=\"size-full wp-image-1812\" src=\"http:\/\/parkinsonpost.com\/wp-content\/uploads\/Strafella-300w.jpg\" alt=\"image of researcher\" width=\"300\" height=\"388\" srcset=\"https:\/\/archiveparkinson.thedev.ca\/wp-content\/uploads\/Strafella-300w.jpg 300w, https:\/\/archiveparkinson.thedev.ca\/wp-content\/uploads\/Strafella-300w-232x300.jpg 232w, https:\/\/archiveparkinson.thedev.ca\/wp-content\/uploads\/Strafella-300w-116x150.jpg 116w, https:\/\/archiveparkinson.thedev.ca\/wp-content\/uploads\/Strafella-300w-100x129.jpg 100w\" sizes=\"(max-width: 300px) 100vw, 300px\" \/><p id=\"caption-attachment-1812\" class=\"wp-caption-text\"><span class=\"center-caption\">Antonio Strafella, Professor <br \/>University Health Network (University of Toronto)<\/span><\/p><\/div>\n<p>At the University of Toronto, Dr. Antonio Strafella conducts imaging studies on the brains of people with Parkinson\u2019s disease. He\u2019s using a new tracer, or chemical, that can highlight changes in the brain that show up on Positron Emission Tomography (PET) scans.<\/p>\n<p>Strafella is studying the density of the synapses, or connections, in brain cells to see if a reduction in that density, measured over time, could serve as a non-invasive tool to diagnose Parkinson\u2019s disease or differentiate between different types of the condition.<\/p>\n<p>Although Parkinson\u2019s disease is the broad diagnosis for symptoms that range from tremors to stiffness to problems with gait and cognition, researchers increasingly believe the term may be being applied to a variety of related, but different, neurological conditions.<\/p>\n<p>At the Toronto Western Hospital, Dr. Antonio Strafella, a neurologist and researcher, is using sophisticated imagery technology to develop a new way of diagnosing and potentially differentiating between those different types of Parkinson\u2019s.<\/p>\n<p>Strafella is using a new tracer\u2014a radioactive substance injected into the bloodstream. The tracer will bind to a protein in the brain, allowing it to become visible on PET (Positron Emission Tomography) imaging scans. Those scans will enable researchers to measure the density of the synapses, or connections, between brain cells.<\/p>\n<p>Over time, the density of the synapses declines in people with Parkinson\u2019s, indicating the loss of critical, dopamine-producing brain cells. Lack of dopamine is the key driver of Parkinson\u2019s.<\/p>\n<p>\u201cUntil now, there was not a way to measure this directly while people were alive, only at an autopsy after they passed away,\u201d Strafella says. \u201cNow we can quantify \u2026 when the disease is at the beginning, the middle stage, and after, so we can measure the progression of this disease.\u201d<\/p>\n<p>Strafella hopes this new tool will become a non-invasive way to diagnose Parkinson\u2019s. He also believes it may enable researchers to distinguish between different types of Parkinson\u2019s disease, such as Progressive Supranuclear Palsy and Multiple System Atrophy.<\/p>\n<p>Equally important, the imaging may allow doctors and researchers to assess the progress of medication or treatment.<\/p>\n<p>If a drug is working to halt Parkinson\u2019s progression, for example, there should be little change in the density of the synapses seen on the PET scan, rather than a reduction in their density if the drug was not working.<\/p>\n<p>Strafella\u2019s research as a movement disorders specialist is always directed at ways to improve the quality of life of the patients he treats. Giving people with Parkinson\u2019s more answers about the type of disease they have and how it might progress is one way of doing that.<\/p>\n<p>\u201cBy improving the quality of life of the patients, you also indirectly affect the quality of life of the family\u2014the caregivers,\u201d he says.<\/p>\n<p>Read about\u00a0<a href=\"https:\/\/archiveparkinson.thedev.ca\/category\/profile-research\/research-2017-2019\/\" target=\"_blank\" rel=\"noopener\">other researchers<\/a>\u00a0recently funded by the Parkinson Canada Research Program by visiting the research section of\u00a0<a href=\"https:\/\/archiveparkinson.thedev.ca\/research\/\" target=\"_blank\" rel=\"noopener\">archiveparkinson.thedev.ca<\/a>.<\/p>\n","protected":false},"excerpt":{"rendered":"<p>At the University of Toronto, Dr. Antonio Strafella conducts imaging studies on the brains of people with Parkinson\u2019s disease. He\u2019s &#8230; <a href=\"https:\/\/archiveparkinson.thedev.ca\/fr\/a-new-way-to-measure-parkinsons-progression-imaging-synaptic-pruning-in-parkinsonisms\/\" class=\"more-link\">En savoir plus<\/a><\/p>\n","protected":false},"author":37,"featured_media":1812,"comment_status":"closed","ping_status":"closed","sticky":false,"template":"","format":"standard","meta":[],"categories":[237],"tags":[],"yoast_head":"<!-- This site is optimized with the Yoast SEO plugin v20.6 - https:\/\/yoast.com\/wordpress\/plugins\/seo\/ -->\n<title>A new way to measure Parkinson\u2019s progression: Imaging synaptic pruning in Parkinsonisms - Parkinson Canada<\/title>\n<meta name=\"robots\" content=\"noindex, follow, max-snippet:-1, max-image-preview:large, max-video-preview:-1\" \/>\n<meta property=\"og:locale\" content=\"fr_FR\" \/>\n<meta property=\"og:type\" content=\"article\" \/>\n<meta property=\"og:title\" content=\"A new way to measure Parkinson\u2019s progression: Imaging synaptic pruning in Parkinsonisms - Parkinson Canada\" \/>\n<meta property=\"og:description\" content=\"At the University of Toronto, Dr. Antonio Strafella conducts imaging studies on the brains of people with Parkinson\u2019s disease. He\u2019s ... En savoir plus\" \/>\n<meta property=\"og:url\" content=\"https:\/\/archiveparkinson.thedev.ca\/fr\/a-new-way-to-measure-parkinsons-progression-imaging-synaptic-pruning-in-parkinsonisms\/\" \/>\n<meta property=\"og:site_name\" content=\"Parkinson Canada\" \/>\n<meta property=\"article:publisher\" content=\"https:\/\/www.facebook.com\/parkinsoncanada\/\" \/>\n<meta property=\"article:published_time\" content=\"2018-09-18T17:02:03+00:00\" \/>\n<meta property=\"og:image\" content=\"https:\/\/archiveparkinson.thedev.ca\/wp-content\/uploads\/Strafella-300w.jpg\" \/>\n\t<meta property=\"og:image:width\" content=\"300\" \/>\n\t<meta property=\"og:image:height\" content=\"388\" \/>\n\t<meta property=\"og:image:type\" content=\"image\/jpeg\" \/>\n<meta name=\"author\" content=\"communications@parkinson.ca\" \/>\n<meta name=\"twitter:card\" content=\"summary_large_image\" \/>\n<meta name=\"twitter:creator\" content=\"@ParkinsonCanada\" \/>\n<meta name=\"twitter:site\" content=\"@ParkinsonCanada\" \/>\n<meta name=\"twitter:label1\" content=\"\u00c9crit par\" \/>\n\t<meta name=\"twitter:data1\" content=\"communications@parkinson.ca\" \/>\n\t<meta name=\"twitter:label2\" content=\"Dur\u00e9e de lecture estim\u00e9e\" \/>\n\t<meta name=\"twitter:data2\" content=\"3 minutes\" \/>\n<script type=\"application\/ld+json\" class=\"yoast-schema-graph\">{\"@context\":\"https:\/\/schema.org\",\"@graph\":[{\"@type\":\"WebPage\",\"@id\":\"https:\/\/archiveparkinson.thedev.ca\/fr\/a-new-way-to-measure-parkinsons-progression-imaging-synaptic-pruning-in-parkinsonisms\/\",\"url\":\"https:\/\/archiveparkinson.thedev.ca\/fr\/a-new-way-to-measure-parkinsons-progression-imaging-synaptic-pruning-in-parkinsonisms\/\",\"name\":\"A new way to measure Parkinson\u2019s progression: Imaging synaptic pruning in Parkinsonisms - Parkinson Canada\",\"isPartOf\":{\"@id\":\"https:\/\/archiveparkinson.thedev.ca\/#website\"},\"datePublished\":\"2018-09-18T17:02:03+00:00\",\"dateModified\":\"2018-09-18T17:02:03+00:00\",\"author\":{\"@id\":\"https:\/\/archiveparkinson.thedev.ca\/#\/schema\/person\/03860c23b3c90c09c6aade3ba61072d9\"},\"breadcrumb\":{\"@id\":\"https:\/\/archiveparkinson.thedev.ca\/fr\/a-new-way-to-measure-parkinsons-progression-imaging-synaptic-pruning-in-parkinsonisms\/#breadcrumb\"},\"inLanguage\":\"fr-FR\",\"potentialAction\":[{\"@type\":\"ReadAction\",\"target\":[\"https:\/\/archiveparkinson.thedev.ca\/fr\/a-new-way-to-measure-parkinsons-progression-imaging-synaptic-pruning-in-parkinsonisms\/\"]}]},{\"@type\":\"BreadcrumbList\",\"@id\":\"https:\/\/archiveparkinson.thedev.ca\/fr\/a-new-way-to-measure-parkinsons-progression-imaging-synaptic-pruning-in-parkinsonisms\/#breadcrumb\",\"itemListElement\":[{\"@type\":\"ListItem\",\"position\":1,\"name\":\"Home\",\"item\":\"https:\/\/archiveparkinson.thedev.ca\/fr\/\"},{\"@type\":\"ListItem\",\"position\":2,\"name\":\"A new way to measure Parkinson\u2019s progression: Imaging synaptic pruning in Parkinsonisms\"}]},{\"@type\":\"WebSite\",\"@id\":\"https:\/\/archiveparkinson.thedev.ca\/#website\",\"url\":\"https:\/\/archiveparkinson.thedev.ca\/\",\"name\":\"Parkinson Canada\",\"description\":\"Empowering the Parkinson&#039;s community across Canada\",\"potentialAction\":[{\"@type\":\"SearchAction\",\"target\":{\"@type\":\"EntryPoint\",\"urlTemplate\":\"https:\/\/archiveparkinson.thedev.ca\/?s={search_term_string}\"},\"query-input\":\"required name=search_term_string\"}],\"inLanguage\":\"fr-FR\"},{\"@type\":\"Person\",\"@id\":\"https:\/\/archiveparkinson.thedev.ca\/#\/schema\/person\/03860c23b3c90c09c6aade3ba61072d9\",\"name\":\"communications@parkinson.ca\",\"image\":{\"@type\":\"ImageObject\",\"inLanguage\":\"fr-FR\",\"@id\":\"https:\/\/archiveparkinson.thedev.ca\/#\/schema\/person\/image\/\",\"url\":\"https:\/\/secure.gravatar.com\/avatar\/931eabe92f8bed16e93390bff0d660ab?s=96&d=mm&r=g\",\"contentUrl\":\"https:\/\/secure.gravatar.com\/avatar\/931eabe92f8bed16e93390bff0d660ab?s=96&d=mm&r=g\",\"caption\":\"communications@parkinson.ca\"}}]}<\/script>\n<!-- \/ Yoast SEO plugin. -->","yoast_head_json":{"title":"A new way to measure Parkinson\u2019s progression: Imaging synaptic pruning in Parkinsonisms - Parkinson Canada","robots":{"index":"noindex","follow":"follow","max-snippet":"max-snippet:-1","max-image-preview":"max-image-preview:large","max-video-preview":"max-video-preview:-1"},"og_locale":"fr_FR","og_type":"article","og_title":"A new way to measure Parkinson\u2019s progression: Imaging synaptic pruning in Parkinsonisms - Parkinson Canada","og_description":"At the University of Toronto, Dr. Antonio Strafella conducts imaging studies on the brains of people with Parkinson\u2019s disease. He\u2019s ... En savoir plus","og_url":"https:\/\/archiveparkinson.thedev.ca\/fr\/a-new-way-to-measure-parkinsons-progression-imaging-synaptic-pruning-in-parkinsonisms\/","og_site_name":"Parkinson Canada","article_publisher":"https:\/\/www.facebook.com\/parkinsoncanada\/","article_published_time":"2018-09-18T17:02:03+00:00","og_image":[{"width":300,"height":388,"url":"https:\/\/archiveparkinson.thedev.ca\/wp-content\/uploads\/Strafella-300w.jpg","type":"image\/jpeg"}],"author":"communications@parkinson.ca","twitter_card":"summary_large_image","twitter_creator":"@ParkinsonCanada","twitter_site":"@ParkinsonCanada","twitter_misc":{"\u00c9crit par":"communications@parkinson.ca","Dur\u00e9e de lecture estim\u00e9e":"3 minutes"},"schema":{"@context":"https:\/\/schema.org","@graph":[{"@type":"WebPage","@id":"https:\/\/archiveparkinson.thedev.ca\/fr\/a-new-way-to-measure-parkinsons-progression-imaging-synaptic-pruning-in-parkinsonisms\/","url":"https:\/\/archiveparkinson.thedev.ca\/fr\/a-new-way-to-measure-parkinsons-progression-imaging-synaptic-pruning-in-parkinsonisms\/","name":"A new way to measure Parkinson\u2019s progression: Imaging synaptic pruning in Parkinsonisms - Parkinson Canada","isPartOf":{"@id":"https:\/\/archiveparkinson.thedev.ca\/#website"},"datePublished":"2018-09-18T17:02:03+00:00","dateModified":"2018-09-18T17:02:03+00:00","author":{"@id":"https:\/\/archiveparkinson.thedev.ca\/#\/schema\/person\/03860c23b3c90c09c6aade3ba61072d9"},"breadcrumb":{"@id":"https:\/\/archiveparkinson.thedev.ca\/fr\/a-new-way-to-measure-parkinsons-progression-imaging-synaptic-pruning-in-parkinsonisms\/#breadcrumb"},"inLanguage":"fr-FR","potentialAction":[{"@type":"ReadAction","target":["https:\/\/archiveparkinson.thedev.ca\/fr\/a-new-way-to-measure-parkinsons-progression-imaging-synaptic-pruning-in-parkinsonisms\/"]}]},{"@type":"BreadcrumbList","@id":"https:\/\/archiveparkinson.thedev.ca\/fr\/a-new-way-to-measure-parkinsons-progression-imaging-synaptic-pruning-in-parkinsonisms\/#breadcrumb","itemListElement":[{"@type":"ListItem","position":1,"name":"Home","item":"https:\/\/archiveparkinson.thedev.ca\/fr\/"},{"@type":"ListItem","position":2,"name":"A new way to measure Parkinson\u2019s progression: Imaging synaptic pruning in Parkinsonisms"}]},{"@type":"WebSite","@id":"https:\/\/archiveparkinson.thedev.ca\/#website","url":"https:\/\/archiveparkinson.thedev.ca\/","name":"Parkinson Canada","description":"Empowering the Parkinson&#039;s community across Canada","potentialAction":[{"@type":"SearchAction","target":{"@type":"EntryPoint","urlTemplate":"https:\/\/archiveparkinson.thedev.ca\/?s={search_term_string}"},"query-input":"required name=search_term_string"}],"inLanguage":"fr-FR"},{"@type":"Person","@id":"https:\/\/archiveparkinson.thedev.ca\/#\/schema\/person\/03860c23b3c90c09c6aade3ba61072d9","name":"communications@parkinson.ca","image":{"@type":"ImageObject","inLanguage":"fr-FR","@id":"https:\/\/archiveparkinson.thedev.ca\/#\/schema\/person\/image\/","url":"https:\/\/secure.gravatar.com\/avatar\/931eabe92f8bed16e93390bff0d660ab?s=96&d=mm&r=g","contentUrl":"https:\/\/secure.gravatar.com\/avatar\/931eabe92f8bed16e93390bff0d660ab?s=96&d=mm&r=g","caption":"communications@parkinson.ca"}}]}},"_links":{"self":[{"href":"https:\/\/archiveparkinson.thedev.ca\/fr\/wp-json\/wp\/v2\/posts\/1811"}],"collection":[{"href":"https:\/\/archiveparkinson.thedev.ca\/fr\/wp-json\/wp\/v2\/posts"}],"about":[{"href":"https:\/\/archiveparkinson.thedev.ca\/fr\/wp-json\/wp\/v2\/types\/post"}],"author":[{"embeddable":true,"href":"https:\/\/archiveparkinson.thedev.ca\/fr\/wp-json\/wp\/v2\/users\/37"}],"replies":[{"embeddable":true,"href":"https:\/\/archiveparkinson.thedev.ca\/fr\/wp-json\/wp\/v2\/comments?post=1811"}],"version-history":[{"count":0,"href":"https:\/\/archiveparkinson.thedev.ca\/fr\/wp-json\/wp\/v2\/posts\/1811\/revisions"}],"wp:featuredmedia":[{"embeddable":true,"href":"https:\/\/archiveparkinson.thedev.ca\/fr\/wp-json\/wp\/v2\/media\/1812"}],"wp:attachment":[{"href":"https:\/\/archiveparkinson.thedev.ca\/fr\/wp-json\/wp\/v2\/media?parent=1811"}],"wp:term":[{"taxonomy":"category","embeddable":true,"href":"https:\/\/archiveparkinson.thedev.ca\/fr\/wp-json\/wp\/v2\/categories?post=1811"},{"taxonomy":"post_tag","embeddable":true,"href":"https:\/\/archiveparkinson.thedev.ca\/fr\/wp-json\/wp\/v2\/tags?post=1811"}],"curies":[{"name":"wp","href":"https:\/\/api.w.org\/{rel}","templated":true}]}}